{"id":42,"date":"2022-09-10T11:23:29","date_gmt":"2022-09-10T11:23:29","guid":{"rendered":"http:\/\/sozial-psychiatrische-spitex.ch\/?p=42"},"modified":"2023-02-26T10:53:19","modified_gmt":"2023-02-26T10:53:19","slug":"diverse-fragen-und-antworten","status":"publish","type":"post","link":"https:\/\/sozial-psychiatrische-spitex.ch\/?p=42","title":{"rendered":"Sozial psychiatrische Spitex"},"content":{"rendered":"\n<p>Was bedeutet Spitex? Wer hat Anrecht auf Leistungen? Was\/wieviel bezahlt die Krankenkasse? Dies und \u00e4hnliche Fragen beantworten wir Ihnen gerne.<\/p>\n\n\n\n<!--more-->\n\n\n\n<h4 class=\"wp-block-heading\">Was bedeutet Spitex?<\/h4>\n\n\n\n<p>Spitex bedeutet Spital (Klinik) externe Pflege. Also Pflege, die ausserhalb des station\u00e4ren Bereichs erbracht wird. In der Regel bei Ihnen zu Hause. Es wird unterschieden zwischen \u00f6ffentlichen und privaten Spitex &#8211; Organisationen. Bei den \u00f6ffentlichen Organisationen ist meist die Gemeinde Tr\u00e4ger, bei privaten Spitex Organisationen sind es private Tr\u00e4gerschaften.<\/p>\n\n\n\n<h4 class=\"wp-block-heading\">Wer hat Anrecht auf Spitex Leistungen?<\/h4>\n\n\n\n<p>Jede Person hat Anrecht auf Spitex &#8211; Leistungen, wenn der Bedarf der Leistungen durch eine anerkannte Organisation ausgewiesen ist und ein Arzt\/\u00c4rztin die Spitex Leistungen verordnet. Die verordneten Leistungen m\u00fcssen in der Regel von den Krankenversicherern verg\u00fctet werden. Der Kanton \u00fcbernimmt einen Anteil, ein Selbstbehalt wird Ihnen in Rechnung gestellt.<br>(s. \u2018Tarifverordnung\u2019) Tarife f\u00fcr hauswirtschaftliche Leistungen sind je nach Anbieter unterschiedlich, meist werden Zuschl\u00e4ge f\u00fcr Wegzeit und Fahrspesen verrechnet.<\/p>\n\n\n\n<h4 class=\"wp-block-heading\">Welche Leistungen bekomme ich?<\/h4>\n\n\n\n<p>Jede Person kann sich bei einer privaten oder \u00f6ffentlichen Spitex &#8211; Organisation anmelden. Damit die erbrachten Leistungen \u00fcber die Krankenversicherung abgewickelt werden k\u00f6nnen (ausgenommen Selbstzahler) brauchen sowohl die privaten wie die \u00f6ffentlichen Organisationen eine kantonale Zulassung und eine Abrechnungsnummer der Krankenkasse (ZSR \u2013 Nummer). Die Organisationen garantieren damit, dass die Leistungen ausschliesslich durch Personal mit einer Pflegeausbildung erbracht werden.<\/p>\n\n\n\n<h4 class=\"wp-block-heading\">Welche Leistungen werden von der Krankenkasse \u00fcbernommen?<\/h4>\n\n\n\n<p>Krankenversicherungen bezahlen in der Regel 60 \u2013 90 Stunden pro Quartal f\u00fcr Pflegeleistungen, die vom Arzt verordnet wurden. Egal, ob die Leistungen durch \u00f6ffentliche oder private Spitex &#8211; Organisationen erbracht werden. Wichtig ist, dass die Organisation \u00fcber eine kantonale Bewilligung verf\u00fcgt, und somit von den Krankenkassen anerkannt ist. Die Kosten sind kantonal geregelt. (s. \u2018Tarifverordnung\u2019) (s. \u2018Merkblatt Pflegefinanzierung\u2019)<\/p>\n","protected":false},"excerpt":{"rendered":"<p>Was bedeutet Spitex? Wer hat Anrecht auf Leistungen? Was\/wieviel bezahlt die Krankenkasse? Dies und \u00e4hnliche Fragen beantworten wir Ihnen gerne.<\/p>\n","protected":false},"author":1,"featured_media":168,"comment_status":"open","ping_status":"closed","sticky":true,"template":"","format":"standard","meta":{"footnotes":""},"categories":[9],"tags":[],"class_list":["post-42","post","type-post","status-publish","format-standard","has-post-thumbnail","hentry","category-allgemein"],"_links":{"self":[{"href":"https:\/\/sozial-psychiatrische-spitex.ch\/index.php?rest_route=\/wp\/v2\/posts\/42","targetHints":{"allow":["GET"]}}],"collection":[{"href":"https:\/\/sozial-psychiatrische-spitex.ch\/index.php?rest_route=\/wp\/v2\/posts"}],"about":[{"href":"https:\/\/sozial-psychiatrische-spitex.ch\/index.php?rest_route=\/wp\/v2\/types\/post"}],"author":[{"embeddable":true,"href":"https:\/\/sozial-psychiatrische-spitex.ch\/index.php?rest_route=\/wp\/v2\/users\/1"}],"replies":[{"embeddable":true,"href":"https:\/\/sozial-psychiatrische-spitex.ch\/index.php?rest_route=%2Fwp%2Fv2%2Fcomments&post=42"}],"version-history":[{"count":8,"href":"https:\/\/sozial-psychiatrische-spitex.ch\/index.php?rest_route=\/wp\/v2\/posts\/42\/revisions"}],"predecessor-version":[{"id":285,"href":"https:\/\/sozial-psychiatrische-spitex.ch\/index.php?rest_route=\/wp\/v2\/posts\/42\/revisions\/285"}],"wp:featuredmedia":[{"embeddable":true,"href":"https:\/\/sozial-psychiatrische-spitex.ch\/index.php?rest_route=\/wp\/v2\/media\/168"}],"wp:attachment":[{"href":"https:\/\/sozial-psychiatrische-spitex.ch\/index.php?rest_route=%2Fwp%2Fv2%2Fmedia&parent=42"}],"wp:term":[{"taxonomy":"category","embeddable":true,"href":"https:\/\/sozial-psychiatrische-spitex.ch\/index.php?rest_route=%2Fwp%2Fv2%2Fcategories&post=42"},{"taxonomy":"post_tag","embeddable":true,"href":"https:\/\/sozial-psychiatrische-spitex.ch\/index.php?rest_route=%2Fwp%2Fv2%2Ftags&post=42"}],"curies":[{"name":"wp","href":"https:\/\/api.w.org\/{rel}","templated":true}]}}